{"id":39638,"date":"2026-08-19T06:10:23","date_gmt":"2026-08-19T06:10:23","guid":{"rendered":"https:\/\/talenom.com\/fi-fi\/?p=39638"},"modified":"2026-08-19T06:10:25","modified_gmt":"2026-08-19T06:10:25","slug":"matkailualan-arvonlisaverotus-milloin-kyse-on-majoituksesta-ja-milloin-vuokrauksesta","status":"publish","type":"post","link":"https:\/\/talenom.com\/fi-fi\/blog\/matkailualan-arvonlisaverotus-milloin-kyse-on-majoituksesta-ja-milloin-vuokrauksesta\/","title":{"rendered":"Matkailualan arvonlis\u00e4verotus: milloin kyse on majoituksesta ja milloin vuokrauksesta?"},"content":{"rendered":"\n<p class=\"wp-block-paragraph\">Yksi yleisimmist\u00e4 verotarkastuksissa esiin tulleista puutteista matkailualalla on matkailu- ja vuokraustoiminnan erottaminen toisistaan. Majoitustoiminnan arvonlis\u00e4verotuksessa k\u00e4ytet\u00e4\u00e4n alennettua 13,5 %:n verokantaa, kun taas vuokraustoiminta on joko arvonlis\u00e4verotonta tai yleisen, 25,5 %:n verokannan alaista. Koska verokannat ja niiden soveltamisedellytykset eroavat toisistaan huomattavasti, v\u00e4\u00e4r\u00e4 tulkinta voi johtaa merkitt\u00e4viin j\u00e4lkiveroihin ja seuraamusmaksuihin verotarkastuksen yhteydess\u00e4.<\/p>\n\n\n\n<div class=\"wp-block-buttons is-layout-flex wp-block-buttons-is-layout-flex\">\n<div class=\"wp-block-button\"><a class=\"wp-block-button__link has-black-color has-grenny-background-color has-text-color has-background wp-element-button\" href=\"https:\/\/talenom.com\/fi-fi\/toimialat\/tilitoimistopalvelut-matkailu\/\" target=\"_blank\" rel=\"noreferrer noopener\">Tarvitsetko apua matkailualan kirjanpidossa?<\/a><\/div>\n<\/div>\n\n\n\n<h2 class=\"wp-block-heading\">Mit\u00e4 vuokraustoiminta tarkoittaa arvonlis\u00e4verotuksessa?<\/h2>\n\n\n\n<p class=\"wp-block-paragraph\">P\u00e4\u00e4s\u00e4\u00e4nt\u00f6isesti vuokraustoiminta on arvonlis\u00e4verotonta. Kiinteist\u00f6n vuokraamisesta voi kuitenkin tietyin edellytyksin hakeutua arvonlis\u00e4verovelvolliseksi, jolloin vuokraukseen sovelletaan yleist\u00e4 25,5 %:n verokantaa.<\/p>\n\n\n\n<p class=\"wp-block-paragraph\">Edellytyksen\u00e4 on p\u00e4\u00e4s\u00e4\u00e4nt\u00f6isesti, ett\u00e4 vuokranantaja vuokraa kiinteist\u00f6n hallintaoikeuden vuokralaiselle tietyksi, sovituksi ajaksi, jolloin muut eiv\u00e4t voi k\u00e4ytt\u00e4\u00e4 sit\u00e4. T\u00e4st\u00e4 johtuu, ettei kiinteist\u00f6n omistaja voi itse k\u00e4ytt\u00e4\u00e4 kiinteist\u00f6\u00e4 silloin, kun se on vuokrattuna. Verohallinnon esimerkiss\u00e4 lomam\u00f6kin vuokraamisesta arvonlis\u00e4verovelvolliseksi ei voi hakeutua, mik\u00e4li sopimuksessa on sovittu, ett\u00e4 kiinteist\u00f6n omistaja voi k\u00e4ytt\u00e4\u00e4 m\u00f6kki\u00e4 my\u00f6s itse. K\u00e4yt\u00e4nn\u00f6ss\u00e4 siis jo pieni ehto sopimuksessa voi ratkaista sen, t\u00e4yttyv\u00e4tk\u00f6 arvonlis\u00e4verovelvolliseksi hakeutumisen edellytykset.<\/p>\n\n\n\n<p class=\"wp-block-paragraph\">Lis\u00e4ksi vuokralaisen toiminnan on oltava arvonlis\u00e4verollista, eli vuokralaisen on esimerkiksi harjoitettava arvonlis\u00e4verollista majoitustoimintaa. Molempien edellytysten \u2013 hallintaoikeuden luovutuksen ja vuokralaisen arvonlis\u00e4verollisen toiminnan \u2013 on t\u00e4ytytt\u00e4v\u00e4 samanaikaisesti, jotta vuokranantaja voi hakeutua arvonlis\u00e4verovelvolliseksi.<\/p>\n\n\n\n<h2 class=\"wp-block-heading\">Mit\u00e4 majoitustoiminta tarkoittaa?<\/h2>\n\n\n\n<p class=\"wp-block-paragraph\">Majoitustoiminta m\u00e4\u00e4ritell\u00e4\u00e4n majoitus- ja ravitsemistoiminnasta annetussa laissa. Se on ammattimaisesti tapahtuvaa kalustettujen huoneiden tai muiden majoitustilojen tarjoamista tilap\u00e4ist\u00e4 majoitusta tarvitseville asiakkaille.<\/p>\n\n\n\n<p class=\"wp-block-paragraph\">Majoitusta voidaan tarjota hotellia vastaavan rakennuksen lis\u00e4ksi my\u00f6s esimerkiksi ankkuroidussa laivassa, maatilalla tai asuntolassa. K\u00e4site on siis laaja ja kattaa monenlaisia majoitusmuotoja perinteisen hotellin ulkopuolellakin, kunhan majoitus on luonteeltaan tilap\u00e4ist\u00e4 ja toimintaa harjoitetaan ammattimaisesti.<\/p>\n\n\n\n<h2 class=\"wp-block-heading\">Mit\u00e4 liit\u00e4nn\u00e4ispalveluita majoitukseen liittyy ja miten niit\u00e4 verotetaan?<\/h2>\n\n\n\n<p class=\"wp-block-paragraph\">Majoituspalveluihin liittyy my\u00f6s monia liit\u00e4nn\u00e4ispalveluita, joiden arvonlis\u00e4verotus ratkaistaan liit\u00e4nn\u00e4ispalvelun luonteesta riippuen. Osa liit\u00e4nn\u00e4ispalveluista kuuluu majoituksen alennetun verokannan piiriin, kun taas toiset katsotaan omiksi, erillisiksi palveluikseen, joihin sovelletaan yleist\u00e4 verokantaa. Alla k\u00e4yd\u00e4\u00e4n l\u00e4pi yleisimm\u00e4t liit\u00e4nn\u00e4ispalvelut ja niiden arvonlis\u00e4verokohtelu.<\/p>\n\n\n\n<h3 class=\"wp-block-heading\">Siivous ja liinavaatteet<\/h3>\n\n\n\n<p class=\"wp-block-paragraph\">Kun siivous ja liinavaatteet myyd\u00e4\u00e4n majoituksen yhteydess\u00e4, kyse on alennetusta verokannasta, vaikka ne veloitettaisiin eri laskulla kuin itse majoitus. Jos majoittuja sen sijaan y\u00f6pyy esimerkiksi omassa asuntovaunussa, liinavaatteet katsotaan yleisen verokannan alaiseksi eli erilliseksi itse asuntovaunupaikasta. Ratkaisevaa on siis se, myyd\u00e4\u00e4nk\u00f6 liinavaatteet ja siivous osana varsinaista majoitusta vai erillisen\u00e4 palveluna, joka ei liity suoraan majoitustilan k\u00e4ytt\u00f6oikeuteen.<\/p>\n\n\n\n<h3 class=\"wp-block-heading\">Aamiainen<\/h3>\n\n\n\n<p class=\"wp-block-paragraph\">Koska aamiainen on ravinto- ja ateriapalvelua, sit\u00e4 ei katsota liit\u00e4nn\u00e4issuoritukseksi, vaan se on oma palvelunsa, johon <a href=\"https:\/\/www.vero.fi\/syventavat-vero-ohjeet\/ohje-hakusivu\/67678\/majoitustoiminnan-arvonlis%C3%A4verotus2\/#3.3-aamiainen-ja-muu-ruokailu\" target=\"_blank\" rel=\"noreferrer noopener\"><mark style=\"background-color:rgba(0, 0, 0, 0)\" class=\"has-inline-color has-link-color\">sovelletaan alennettua verokantaa<\/mark><\/a>. T\u00e4st\u00e4 syyst\u00e4 se on my\u00f6s eritelt\u00e4v\u00e4 asiakkaalle annettavassa kuitissa tai laskussa, vaikka aamiainen sis\u00e4ltyisikin majoituksen kokonaishintaan.<\/p>\n\n\n\n<h3 class=\"wp-block-heading\">Maksulliset tv-kanavat ja wi-fi-yhteys<\/h3>\n\n\n\n<p class=\"wp-block-paragraph\">Mik\u00e4li tv-kanavista tai wi-fist\u00e4 maksetaan lis\u00e4maksua, niit\u00e4 ei katsota liit\u00e4nn\u00e4ispalveluiksi, vaan omiksi palveluikseen, joihin sovelletaan yleist\u00e4 verokantaa. N\u00e4iden palveluiden arvonlis\u00e4verok\u00e4sittely poikkeaa siis esimerkiksi siivouksesta ja liinavaatteista, vaikka kaikki liittyv\u00e4t majoittujan viihtyvyyteen.<\/p>\n\n\n\n<h3 class=\"wp-block-heading\">Peruutusmaksut<\/h3>\n\n\n\n<p class=\"wp-block-paragraph\">Peruuntunut varausmaksu k\u00e4sitell\u00e4\u00e4n l\u00e4ht\u00f6kohtaisesti arvonlis\u00e4verottomana. Jos asiakas kuitenkin j\u00e4tt\u00e4\u00e4 varauksen peruuttamatta ja joutuu t\u00e4st\u00e4 syyst\u00e4 maksamaan joko osan tai koko hinnan majoituksesta, maksu katsotaan arvonlis\u00e4verolliseksi. Ero syntyy siis siit\u00e4, onko kyse todellisesta korvauksesta peruutuksesta vai tosiasiassa toteutumattomasta majoituksesta peritt\u00e4v\u00e4st\u00e4 maksusta.<\/p>\n\n\n\n<div class=\"wp-block-buttons is-layout-flex wp-block-buttons-is-layout-flex\">\n<div class=\"wp-block-button\"><a class=\"wp-block-button__link has-black-color has-grenny-background-color has-text-color has-background wp-element-button\" href=\"https:\/\/talenom.com\/fi-fi\/toimialat\/tilitoimistopalvelut-matkailu\/\" target=\"_blank\" rel=\"noreferrer noopener\">Tarvitsetko apua matkailualan kirjanpidossa?<\/a><\/div>\n<\/div>\n\n\n\n<p class=\"wp-block-paragraph\"><\/p>\n\n\n\n<hr class=\"wp-block-separator has-alpha-channel-opacity\"\/>\n\n\n\n<h2 class=\"wp-block-heading\">Usein kysytty\u00e4 matkailualan arvonlis\u00e4verotuksesta<\/h2>\n\n\n\n<p class=\"wp-block-paragraph\"><strong>Mik\u00e4 on majoitustoiminnan arvonlis\u00e4verokanta?<\/strong> Majoitustoiminnassa sovelletaan alennettua 13,5 %:n verokantaa.<\/p>\n\n\n\n<p class=\"wp-block-paragraph\"><strong>Onko kiinteist\u00f6n vuokraus arvonlis\u00e4verollista?<\/strong> P\u00e4\u00e4s\u00e4\u00e4nt\u00f6isesti ei, mutta vuokranantaja voi tietyin edellytyksin hakeutua arvonlis\u00e4verovelvolliseksi, jos vuokralaisen toiminta on arvonlis\u00e4verollista, kuten majoitustoimintaa.<\/p>\n\n\n\n<p class=\"wp-block-paragraph\"><strong>Sovelletaanko aamiaiseen ja siivoukseen alennettua verokantaa?<\/strong> Kyll\u00e4, aamiainen on aina alennetun verokannan mukainen, ja samoin siivous, kun se myyd\u00e4\u00e4n majoituksen yhteydess\u00e4. Aamiainen on eritelt\u00e4v\u00e4 erikseen kuitilla tai laskulla.<\/p>\n\n\n\n<p class=\"wp-block-paragraph\"><strong>Onko peruutusmaksu arvonlis\u00e4verollinen?<\/strong> L\u00e4ht\u00f6kohtaisesti ei, mutta jos asiakas j\u00e4tt\u00e4\u00e4 varauksen peruuttamatta ja maksaa t\u00e4st\u00e4 syyst\u00e4 osan tai koko majoituksen hinnan, maksu on arvonlis\u00e4verollinen.<\/p>\n\n\n\n<p class=\"wp-block-paragraph\"><\/p>\n","protected":false},"excerpt":{"rendered":"<p>Yksi yleisimmist\u00e4 verotarkastuksissa esiin tulleista puutteista matkailualalla on matkailu- ja vuokraustoiminnan erottaminen toisistaan. Majoitustoiminnan arvonlis\u00e4verotuksessa k\u00e4ytet\u00e4\u00e4n alennettua 13,5 %:n verokantaa, kun taas vuokraustoiminta on joko arvonlis\u00e4verotonta tai yleisen, 25,5 %:n verokannan alaista. Koska verokannat ja niiden soveltamisedellytykset eroavat toisistaan huomattavasti, v\u00e4\u00e4r\u00e4 tulkinta voi johtaa merkitt\u00e4viin j\u00e4lkiveroihin ja seuraamusmaksuihin verotarkastuksen yhteydess\u00e4. Mit\u00e4 vuokraustoiminta tarkoittaa arvonlis\u00e4verotuksessa? P\u00e4\u00e4s\u00e4\u00e4nt\u00f6isesti [&hellip;]<\/p>\n","protected":false},"author":250,"featured_media":39640,"comment_status":"closed","ping_status":"open","sticky":false,"template":"","format":"standard","meta":{"_acf_changed":false,"content-type":"","footnotes":""},"categories":[80,82,102],"tags":[1879,420,1564,430,126,1881],"coauthors":[1884],"class_list":["post-39638","post","type-post","status-publish","format-standard","has-post-thumbnail","hentry","category-blog","category-kirjanpito","category-verotus","tag-majoitus","tag-matkailu","tag-matkailuala","tag-vero","tag-verotus","tag-vuokraus"],"acf":[],"yoast_head":"<!-- This site is optimized with the Yoast SEO plugin v28.3 - https:\/\/yoast.com\/product\/yoast-seo-wordpress\/ -->\n<title>Matkailualan arvonlis\u00e4verotus: milloin kyse on majoituksesta ja milloin vuokrauksesta? - Talenom Tilitoimisto<\/title>\n<meta name=\"description\" content=\"Meta-kuvaus: Matkailu- ja vuokraustoiminnan arvonlis\u00e4verotus eroaa toisistaan \u2013 tutustu majoituksen 13,5 %:n verokantaan ja vuokrauksen alv-k\u00e4sittelyyn.\" \/>\n<meta name=\"robots\" content=\"index, follow, max-snippet:-1, max-image-preview:large, max-video-preview:-1\" \/>\n<link rel=\"canonical\" href=\"https:\/\/talenom.com\/fi-fi\/blog\/matkailualan-arvonlisaverotus-milloin-kyse-on-majoituksesta-ja-milloin-vuokrauksesta\/\" \/>\n<meta property=\"og:locale\" content=\"fi_FI\" \/>\n<meta property=\"og:type\" content=\"article\" \/>\n<meta property=\"og:title\" content=\"Matkailualan arvonlis\u00e4verotus: milloin kyse on majoituksesta ja milloin vuokrauksesta? - Talenom Tilitoimisto\" \/>\n<meta property=\"og:description\" content=\"Meta-kuvaus: Matkailu- ja vuokraustoiminnan arvonlis\u00e4verotus eroaa toisistaan \u2013 tutustu majoituksen 13,5 %:n verokantaan ja vuokrauksen alv-k\u00e4sittelyyn.\" \/>\n<meta property=\"og:url\" content=\"https:\/\/talenom.com\/fi-fi\/blog\/matkailualan-arvonlisaverotus-milloin-kyse-on-majoituksesta-ja-milloin-vuokrauksesta\/\" \/>\n<meta property=\"og:site_name\" content=\"Talenom Tilitoimisto\" \/>\n<meta property=\"article:published_time\" content=\"2026-08-19T06:10:23+00:00\" \/>\n<meta property=\"article:modified_time\" content=\"2026-08-19T06:10:25+00:00\" \/>\n<meta property=\"og:image\" content=\"https:\/\/talenom.com\/fi-fi\/wp-content\/uploads\/sites\/2\/2026\/08\/Matkailualan-arvonlisaverotus-milloin-kyse-on-majoituksesta-ja-milloin-vuokrauksesta.webp\" \/>\n\t<meta property=\"og:image:width\" content=\"5990\" \/>\n\t<meta property=\"og:image:height\" content=\"3993\" \/>\n\t<meta property=\"og:image:type\" content=\"image\/webp\" \/>\n<meta name=\"author\" content=\"Julia Simil\u00e4\" \/>\n<meta name=\"twitter:card\" content=\"summary_large_image\" \/>\n<meta name=\"twitter:label1\" content=\"Kirjoittanut\" \/>\n\t<meta name=\"twitter:data1\" content=\"Julia Simil\u00e4\" \/>\n\t<meta name=\"twitter:label2\" content=\"Arvioitu lukuaika\" \/>\n\t<meta name=\"twitter:data2\" content=\"4 minuuttia\" \/>\n\t<meta name=\"twitter:label3\" content=\"Written by\" \/>\n\t<meta name=\"twitter:data3\" content=\"Julia Simil\u00e4\" \/>\n<script type=\"application\/ld+json\" class=\"yoast-schema-graph\">{\"@context\":\"https:\\\/\\\/schema.org\",\"@graph\":[{\"@type\":\"Article\",\"@id\":\"https:\\\/\\\/talenom.com\\\/fi-fi\\\/blog\\\/matkailualan-arvonlisaverotus-milloin-kyse-on-majoituksesta-ja-milloin-vuokrauksesta\\\/#article\",\"isPartOf\":{\"@id\":\"https:\\\/\\\/talenom.com\\\/fi-fi\\\/blog\\\/matkailualan-arvonlisaverotus-milloin-kyse-on-majoituksesta-ja-milloin-vuokrauksesta\\\/\"},\"author\":{\"name\":\"Julia Simil\u00e4\",\"@id\":\"https:\\\/\\\/talenom.com\\\/fi-fi\\\/#\\\/schema\\\/person\\\/f1252896083c93e9b5fbb13d74c16153\"},\"headline\":\"Matkailualan arvonlis\u00e4verotus: milloin kyse on majoituksesta ja milloin vuokrauksesta?\",\"datePublished\":\"2026-08-19T06:10:23+00:00\",\"dateModified\":\"2026-08-19T06:10:25+00:00\",\"mainEntityOfPage\":{\"@id\":\"https:\\\/\\\/talenom.com\\\/fi-fi\\\/blog\\\/matkailualan-arvonlisaverotus-milloin-kyse-on-majoituksesta-ja-milloin-vuokrauksesta\\\/\"},\"wordCount\":653,\"publisher\":{\"@id\":\"https:\\\/\\\/talenom.com\\\/fi-fi\\\/#organization\"},\"image\":{\"@id\":\"https:\\\/\\\/talenom.com\\\/fi-fi\\\/blog\\\/matkailualan-arvonlisaverotus-milloin-kyse-on-majoituksesta-ja-milloin-vuokrauksesta\\\/#primaryimage\"},\"thumbnailUrl\":\"https:\\\/\\\/talenom.com\\\/fi-fi\\\/wp-content\\\/uploads\\\/sites\\\/2\\\/2026\\\/08\\\/Matkailualan-arvonlisaverotus-milloin-kyse-on-majoituksesta-ja-milloin-vuokrauksesta.webp\",\"keywords\":[\"majoitus\",\"matkailu\",\"matkailuala\",\"vero\",\"Verotus\",\"vuokraus\"],\"articleSection\":[\"Blog\",\"Kirjanpito\",\"Verotus\"],\"inLanguage\":\"fi\"},{\"@type\":\"WebPage\",\"@id\":\"https:\\\/\\\/talenom.com\\\/fi-fi\\\/blog\\\/matkailualan-arvonlisaverotus-milloin-kyse-on-majoituksesta-ja-milloin-vuokrauksesta\\\/\",\"url\":\"https:\\\/\\\/talenom.com\\\/fi-fi\\\/blog\\\/matkailualan-arvonlisaverotus-milloin-kyse-on-majoituksesta-ja-milloin-vuokrauksesta\\\/\",\"name\":\"Matkailualan arvonlis\u00e4verotus: milloin kyse on majoituksesta ja milloin vuokrauksesta? - Talenom Tilitoimisto\",\"isPartOf\":{\"@id\":\"https:\\\/\\\/talenom.com\\\/fi-fi\\\/#website\"},\"primaryImageOfPage\":{\"@id\":\"https:\\\/\\\/talenom.com\\\/fi-fi\\\/blog\\\/matkailualan-arvonlisaverotus-milloin-kyse-on-majoituksesta-ja-milloin-vuokrauksesta\\\/#primaryimage\"},\"image\":{\"@id\":\"https:\\\/\\\/talenom.com\\\/fi-fi\\\/blog\\\/matkailualan-arvonlisaverotus-milloin-kyse-on-majoituksesta-ja-milloin-vuokrauksesta\\\/#primaryimage\"},\"thumbnailUrl\":\"https:\\\/\\\/talenom.com\\\/fi-fi\\\/wp-content\\\/uploads\\\/sites\\\/2\\\/2026\\\/08\\\/Matkailualan-arvonlisaverotus-milloin-kyse-on-majoituksesta-ja-milloin-vuokrauksesta.webp\",\"datePublished\":\"2026-08-19T06:10:23+00:00\",\"dateModified\":\"2026-08-19T06:10:25+00:00\",\"description\":\"Meta-kuvaus: Matkailu- ja vuokraustoiminnan arvonlis\u00e4verotus eroaa toisistaan \u2013 tutustu majoituksen 13,5 %:n verokantaan ja vuokrauksen alv-k\u00e4sittelyyn.\",\"inLanguage\":\"fi\",\"potentialAction\":[{\"@type\":\"ReadAction\",\"target\":[\"https:\\\/\\\/talenom.com\\\/fi-fi\\\/blog\\\/matkailualan-arvonlisaverotus-milloin-kyse-on-majoituksesta-ja-milloin-vuokrauksesta\\\/\"]}]},{\"@type\":\"ImageObject\",\"inLanguage\":\"fi\",\"@id\":\"https:\\\/\\\/talenom.com\\\/fi-fi\\\/blog\\\/matkailualan-arvonlisaverotus-milloin-kyse-on-majoituksesta-ja-milloin-vuokrauksesta\\\/#primaryimage\",\"url\":\"https:\\\/\\\/talenom.com\\\/fi-fi\\\/wp-content\\\/uploads\\\/sites\\\/2\\\/2026\\\/08\\\/Matkailualan-arvonlisaverotus-milloin-kyse-on-majoituksesta-ja-milloin-vuokrauksesta.webp\",\"contentUrl\":\"https:\\\/\\\/talenom.com\\\/fi-fi\\\/wp-content\\\/uploads\\\/sites\\\/2\\\/2026\\\/08\\\/Matkailualan-arvonlisaverotus-milloin-kyse-on-majoituksesta-ja-milloin-vuokrauksesta.webp\",\"width\":5990,\"height\":3993,\"caption\":\"Matkailualan arvonlis\u00e4verotus- milloin kyse on majoituksesta ja milloin vuokrauksesta\"},{\"@type\":\"WebSite\",\"@id\":\"https:\\\/\\\/talenom.com\\\/fi-fi\\\/#website\",\"url\":\"https:\\\/\\\/talenom.com\\\/fi-fi\\\/\",\"name\":\"Talenom\",\"description\":\"Talenom.com\",\"publisher\":{\"@id\":\"https:\\\/\\\/talenom.com\\\/fi-fi\\\/#organization\"},\"alternateName\":\"Talenom\",\"potentialAction\":[{\"@type\":\"SearchAction\",\"target\":{\"@type\":\"EntryPoint\",\"urlTemplate\":\"https:\\\/\\\/talenom.com\\\/fi-fi\\\/?s={search_term_string}\"},\"query-input\":{\"@type\":\"PropertyValueSpecification\",\"valueRequired\":true,\"valueName\":\"search_term_string\"}}],\"inLanguage\":\"fi\"},{\"@type\":\"Organization\",\"@id\":\"https:\\\/\\\/talenom.com\\\/fi-fi\\\/#organization\",\"name\":\"Talenom\",\"url\":\"https:\\\/\\\/talenom.com\\\/fi-fi\\\/\",\"logo\":{\"@type\":\"ImageObject\",\"inLanguage\":\"fi\",\"@id\":\"https:\\\/\\\/talenom.com\\\/fi-fi\\\/#\\\/schema\\\/logo\\\/image\\\/\",\"url\":\"https:\\\/\\\/talenom.com\\\/fi-fi\\\/wp-content\\\/uploads\\\/sites\\\/2\\\/2022\\\/12\\\/logo.svg\",\"contentUrl\":\"https:\\\/\\\/talenom.com\\\/fi-fi\\\/wp-content\\\/uploads\\\/sites\\\/2\\\/2022\\\/12\\\/logo.svg\",\"width\":326,\"height\":49,\"caption\":\"Talenom\"},\"image\":{\"@id\":\"https:\\\/\\\/talenom.com\\\/fi-fi\\\/#\\\/schema\\\/logo\\\/image\\\/\"}},{\"@type\":\"Person\",\"@id\":\"https:\\\/\\\/talenom.com\\\/fi-fi\\\/#\\\/schema\\\/person\\\/f1252896083c93e9b5fbb13d74c16153\",\"name\":\"Julia Simil\u00e4\",\"image\":{\"@type\":\"ImageObject\",\"inLanguage\":\"fi\",\"@id\":\"https:\\\/\\\/talenom.com\\\/fi-fi\\\/wp-content\\\/uploads\\\/sites\\\/2\\\/2026\\\/08\\\/Julia-Simila-150x150.jpg77a674ca9b6ee496ec6da2c0d1f2e90d\",\"url\":\"https:\\\/\\\/talenom.com\\\/fi-fi\\\/wp-content\\\/uploads\\\/sites\\\/2\\\/2026\\\/08\\\/Julia-Simila-150x150.jpg\",\"contentUrl\":\"https:\\\/\\\/talenom.com\\\/fi-fi\\\/wp-content\\\/uploads\\\/sites\\\/2\\\/2026\\\/08\\\/Julia-Simila-150x150.jpg\",\"caption\":\"Julia Simil\u00e4\"}}]}<\/script>\n<!-- \/ Yoast SEO plugin. -->","yoast_head_json":{"title":"Matkailualan arvonlis\u00e4verotus: milloin kyse on majoituksesta ja milloin vuokrauksesta? - Talenom Tilitoimisto","description":"Meta-kuvaus: Matkailu- ja vuokraustoiminnan arvonlis\u00e4verotus eroaa toisistaan \u2013 tutustu majoituksen 13,5 %:n verokantaan ja vuokrauksen alv-k\u00e4sittelyyn.","robots":{"index":"index","follow":"follow","max-snippet":"max-snippet:-1","max-image-preview":"max-image-preview:large","max-video-preview":"max-video-preview:-1"},"canonical":"https:\/\/talenom.com\/fi-fi\/blog\/matkailualan-arvonlisaverotus-milloin-kyse-on-majoituksesta-ja-milloin-vuokrauksesta\/","og_locale":"fi_FI","og_type":"article","og_title":"Matkailualan arvonlis\u00e4verotus: milloin kyse on majoituksesta ja milloin vuokrauksesta? - Talenom Tilitoimisto","og_description":"Meta-kuvaus: Matkailu- ja vuokraustoiminnan arvonlis\u00e4verotus eroaa toisistaan \u2013 tutustu majoituksen 13,5 %:n verokantaan ja vuokrauksen alv-k\u00e4sittelyyn.","og_url":"https:\/\/talenom.com\/fi-fi\/blog\/matkailualan-arvonlisaverotus-milloin-kyse-on-majoituksesta-ja-milloin-vuokrauksesta\/","og_site_name":"Talenom Tilitoimisto","article_published_time":"2026-08-19T06:10:23+00:00","article_modified_time":"2026-08-19T06:10:25+00:00","og_image":[{"width":5990,"height":3993,"url":"https:\/\/talenom.com\/fi-fi\/wp-content\/uploads\/sites\/2\/2026\/08\/Matkailualan-arvonlisaverotus-milloin-kyse-on-majoituksesta-ja-milloin-vuokrauksesta.webp","type":"image\/webp"}],"author":"Julia Simil\u00e4","twitter_card":"summary_large_image","twitter_misc":{"Kirjoittanut":"Julia Simil\u00e4","Arvioitu lukuaika":"4 minuuttia","Written by":"Julia Simil\u00e4"},"schema":{"@context":"https:\/\/schema.org","@graph":[{"@type":"Article","@id":"https:\/\/talenom.com\/fi-fi\/blog\/matkailualan-arvonlisaverotus-milloin-kyse-on-majoituksesta-ja-milloin-vuokrauksesta\/#article","isPartOf":{"@id":"https:\/\/talenom.com\/fi-fi\/blog\/matkailualan-arvonlisaverotus-milloin-kyse-on-majoituksesta-ja-milloin-vuokrauksesta\/"},"author":{"name":"Julia Simil\u00e4","@id":"https:\/\/talenom.com\/fi-fi\/#\/schema\/person\/f1252896083c93e9b5fbb13d74c16153"},"headline":"Matkailualan arvonlis\u00e4verotus: milloin kyse on majoituksesta ja milloin vuokrauksesta?","datePublished":"2026-08-19T06:10:23+00:00","dateModified":"2026-08-19T06:10:25+00:00","mainEntityOfPage":{"@id":"https:\/\/talenom.com\/fi-fi\/blog\/matkailualan-arvonlisaverotus-milloin-kyse-on-majoituksesta-ja-milloin-vuokrauksesta\/"},"wordCount":653,"publisher":{"@id":"https:\/\/talenom.com\/fi-fi\/#organization"},"image":{"@id":"https:\/\/talenom.com\/fi-fi\/blog\/matkailualan-arvonlisaverotus-milloin-kyse-on-majoituksesta-ja-milloin-vuokrauksesta\/#primaryimage"},"thumbnailUrl":"https:\/\/talenom.com\/fi-fi\/wp-content\/uploads\/sites\/2\/2026\/08\/Matkailualan-arvonlisaverotus-milloin-kyse-on-majoituksesta-ja-milloin-vuokrauksesta.webp","keywords":["majoitus","matkailu","matkailuala","vero","Verotus","vuokraus"],"articleSection":["Blog","Kirjanpito","Verotus"],"inLanguage":"fi"},{"@type":"WebPage","@id":"https:\/\/talenom.com\/fi-fi\/blog\/matkailualan-arvonlisaverotus-milloin-kyse-on-majoituksesta-ja-milloin-vuokrauksesta\/","url":"https:\/\/talenom.com\/fi-fi\/blog\/matkailualan-arvonlisaverotus-milloin-kyse-on-majoituksesta-ja-milloin-vuokrauksesta\/","name":"Matkailualan arvonlis\u00e4verotus: milloin kyse on majoituksesta ja milloin vuokrauksesta? - Talenom Tilitoimisto","isPartOf":{"@id":"https:\/\/talenom.com\/fi-fi\/#website"},"primaryImageOfPage":{"@id":"https:\/\/talenom.com\/fi-fi\/blog\/matkailualan-arvonlisaverotus-milloin-kyse-on-majoituksesta-ja-milloin-vuokrauksesta\/#primaryimage"},"image":{"@id":"https:\/\/talenom.com\/fi-fi\/blog\/matkailualan-arvonlisaverotus-milloin-kyse-on-majoituksesta-ja-milloin-vuokrauksesta\/#primaryimage"},"thumbnailUrl":"https:\/\/talenom.com\/fi-fi\/wp-content\/uploads\/sites\/2\/2026\/08\/Matkailualan-arvonlisaverotus-milloin-kyse-on-majoituksesta-ja-milloin-vuokrauksesta.webp","datePublished":"2026-08-19T06:10:23+00:00","dateModified":"2026-08-19T06:10:25+00:00","description":"Meta-kuvaus: Matkailu- ja vuokraustoiminnan arvonlis\u00e4verotus eroaa toisistaan \u2013 tutustu majoituksen 13,5 %:n verokantaan ja vuokrauksen alv-k\u00e4sittelyyn.","inLanguage":"fi","potentialAction":[{"@type":"ReadAction","target":["https:\/\/talenom.com\/fi-fi\/blog\/matkailualan-arvonlisaverotus-milloin-kyse-on-majoituksesta-ja-milloin-vuokrauksesta\/"]}]},{"@type":"ImageObject","inLanguage":"fi","@id":"https:\/\/talenom.com\/fi-fi\/blog\/matkailualan-arvonlisaverotus-milloin-kyse-on-majoituksesta-ja-milloin-vuokrauksesta\/#primaryimage","url":"https:\/\/talenom.com\/fi-fi\/wp-content\/uploads\/sites\/2\/2026\/08\/Matkailualan-arvonlisaverotus-milloin-kyse-on-majoituksesta-ja-milloin-vuokrauksesta.webp","contentUrl":"https:\/\/talenom.com\/fi-fi\/wp-content\/uploads\/sites\/2\/2026\/08\/Matkailualan-arvonlisaverotus-milloin-kyse-on-majoituksesta-ja-milloin-vuokrauksesta.webp","width":5990,"height":3993,"caption":"Matkailualan arvonlis\u00e4verotus- milloin kyse on majoituksesta ja milloin vuokrauksesta"},{"@type":"WebSite","@id":"https:\/\/talenom.com\/fi-fi\/#website","url":"https:\/\/talenom.com\/fi-fi\/","name":"Talenom","description":"Talenom.com","publisher":{"@id":"https:\/\/talenom.com\/fi-fi\/#organization"},"alternateName":"Talenom","potentialAction":[{"@type":"SearchAction","target":{"@type":"EntryPoint","urlTemplate":"https:\/\/talenom.com\/fi-fi\/?s={search_term_string}"},"query-input":{"@type":"PropertyValueSpecification","valueRequired":true,"valueName":"search_term_string"}}],"inLanguage":"fi"},{"@type":"Organization","@id":"https:\/\/talenom.com\/fi-fi\/#organization","name":"Talenom","url":"https:\/\/talenom.com\/fi-fi\/","logo":{"@type":"ImageObject","inLanguage":"fi","@id":"https:\/\/talenom.com\/fi-fi\/#\/schema\/logo\/image\/","url":"https:\/\/talenom.com\/fi-fi\/wp-content\/uploads\/sites\/2\/2022\/12\/logo.svg","contentUrl":"https:\/\/talenom.com\/fi-fi\/wp-content\/uploads\/sites\/2\/2022\/12\/logo.svg","width":326,"height":49,"caption":"Talenom"},"image":{"@id":"https:\/\/talenom.com\/fi-fi\/#\/schema\/logo\/image\/"}},{"@type":"Person","@id":"https:\/\/talenom.com\/fi-fi\/#\/schema\/person\/f1252896083c93e9b5fbb13d74c16153","name":"Julia Simil\u00e4","image":{"@type":"ImageObject","inLanguage":"fi","@id":"https:\/\/talenom.com\/fi-fi\/wp-content\/uploads\/sites\/2\/2026\/08\/Julia-Simila-150x150.jpg77a674ca9b6ee496ec6da2c0d1f2e90d","url":"https:\/\/talenom.com\/fi-fi\/wp-content\/uploads\/sites\/2\/2026\/08\/Julia-Simila-150x150.jpg","contentUrl":"https:\/\/talenom.com\/fi-fi\/wp-content\/uploads\/sites\/2\/2026\/08\/Julia-Simila-150x150.jpg","caption":"Julia Simil\u00e4"}}]}},"_links":{"self":[{"href":"https:\/\/talenom.com\/fi-fi\/wp-json\/wp\/v2\/posts\/39638","targetHints":{"allow":["GET"]}}],"collection":[{"href":"https:\/\/talenom.com\/fi-fi\/wp-json\/wp\/v2\/posts"}],"about":[{"href":"https:\/\/talenom.com\/fi-fi\/wp-json\/wp\/v2\/types\/post"}],"author":[{"embeddable":true,"href":"https:\/\/talenom.com\/fi-fi\/wp-json\/wp\/v2\/users\/250"}],"replies":[{"embeddable":true,"href":"https:\/\/talenom.com\/fi-fi\/wp-json\/wp\/v2\/comments?post=39638"}],"version-history":[{"count":7,"href":"https:\/\/talenom.com\/fi-fi\/wp-json\/wp\/v2\/posts\/39638\/revisions"}],"predecessor-version":[{"id":39691,"href":"https:\/\/talenom.com\/fi-fi\/wp-json\/wp\/v2\/posts\/39638\/revisions\/39691"}],"wp:featuredmedia":[{"embeddable":true,"href":"https:\/\/talenom.com\/fi-fi\/wp-json\/wp\/v2\/media\/39640"}],"wp:attachment":[{"href":"https:\/\/talenom.com\/fi-fi\/wp-json\/wp\/v2\/media?parent=39638"}],"wp:term":[{"taxonomy":"category","embeddable":true,"href":"https:\/\/talenom.com\/fi-fi\/wp-json\/wp\/v2\/categories?post=39638"},{"taxonomy":"post_tag","embeddable":true,"href":"https:\/\/talenom.com\/fi-fi\/wp-json\/wp\/v2\/tags?post=39638"},{"taxonomy":"author","embeddable":true,"href":"https:\/\/talenom.com\/fi-fi\/wp-json\/wp\/v2\/coauthors?post=39638"}],"curies":[{"name":"wp","href":"https:\/\/api.w.org\/{rel}","templated":true}]}}